{"id":47999,"date":"2025-03-17T14:33:29","date_gmt":"2025-03-17T13:33:29","guid":{"rendered":"https:\/\/preprod.bimandco.com\/bim\/?p=47999"},"modified":"2025-03-17T14:33:30","modified_gmt":"2025-03-17T13:33:30","slug":"comment-organiser-ma-bibliotheque-bim-pour-les-metiers-de-mon-entreprise","status":"publish","type":"post","link":"https:\/\/www.bimandco.com\/bim\/fr\/comment-organiser-ma-bibliotheque-bim-pour-les-metiers-de-mon-entreprise\/","title":{"rendered":"Comment organiser ma biblioth\u00e8que BIM pour les m\u00e9tiers de mon entreprise ?"},"content":{"rendered":"\n<p>Si vous \u00eates coordinateur BIM, BIM Manager, ou responsable digital dans une structure d\u2019ing\u00e9nierie, de maitrise d\u2019ouvrage ou une entreprise g\u00e9n\u00e9rale et que vous rencontrez des probl\u00e8mes d\u2019exploitation des donn\u00e9es sur vos projets BIM, ce webinaire est fait pour vous.<br>La solution Onfly permet d\u2019acc\u00e9der au quotidien aux nombreux b\u00e9n\u00e9fices du BIM. Avec sa fonctionnalit\u00e9 \u00ab\u00a0set de propri\u00e9t\u00e9s\u00a0\u00bb, fini l\u2019infob\u00e9sit\u00e9 dans vos maquettes.<\/p>\n","protected":false},"excerpt":{"rendered":"<p>Si vous \u00eates coordinateur BIM, BIM Manager, ou responsable digital dans une structure d\u2019ing\u00e9nierie, de maitrise d\u2019ouvrage ou une entreprise [&hellip;]<\/p>\n","protected":false},"author":17,"featured_media":47564,"comment_status":"closed","ping_status":"closed","sticky":false,"template":"","format":"standard","meta":{"_acf_changed":false,"content-type":"","footnotes":""},"categories":[3032,3030],"tags":[],"class_list":["post-47999","post","type-post","status-publish","format-standard","has-post-thumbnail","hentry","category-aec-webinaire","category-webinaire"],"acf":{"url_de_la_landing_page_hubspot":"https:\/\/crm.bimandco.com\/fr\/webinaire-comment-organiser-ma-bibliotheque-bim?utm_source=website&utm_medium=page-webinar&utm_campaign=webinar-setsdepropriete-fr&utm_content=FR"},"yoast_head":"<!-- This site is optimized with the Yoast SEO plugin v26.0 - https:\/\/yoast.com\/wordpress\/plugins\/seo\/ -->\n<title>Comment organiser ma biblioth\u00e8que BIM pour les m\u00e9tiers de mon entreprise ? - BIM&amp;CO<\/title>\n<meta name=\"robots\" content=\"index, follow, max-snippet:-1, max-image-preview:large, max-video-preview:-1\" \/>\n<link rel=\"canonical\" href=\"https:\/\/www.bimandco.com\/bim\/fr\/comment-organiser-ma-bibliotheque-bim-pour-les-metiers-de-mon-entreprise\/\" \/>\n<meta property=\"og:locale\" content=\"fr_FR\" \/>\n<meta property=\"og:type\" content=\"article\" \/>\n<meta property=\"og:title\" content=\"Comment organiser ma biblioth\u00e8que BIM pour les m\u00e9tiers de mon entreprise ? - BIM&amp;CO\" \/>\n<meta property=\"og:description\" content=\"Si vous \u00eates coordinateur BIM, BIM Manager, ou responsable digital dans une structure d\u2019ing\u00e9nierie, de maitrise d\u2019ouvrage ou une entreprise [&hellip;]\" \/>\n<meta property=\"og:url\" content=\"https:\/\/www.bimandco.com\/bim\/fr\/comment-organiser-ma-bibliotheque-bim-pour-les-metiers-de-mon-entreprise\/\" \/>\n<meta property=\"og:site_name\" content=\"BIM&amp;CO\" \/>\n<meta property=\"article:published_time\" content=\"2025-03-17T13:33:29+00:00\" \/>\n<meta property=\"article:modified_time\" content=\"2025-03-17T13:33:30+00:00\" \/>\n<meta property=\"og:image\" content=\"https:\/\/www.bimandco.com\/bim\/wp-content\/uploads\/2025\/03\/bookteambim-illus-768x496-1.jpg\" \/>\n\t<meta property=\"og:image:width\" content=\"768\" \/>\n\t<meta property=\"og:image:height\" content=\"496\" \/>\n\t<meta property=\"og:image:type\" content=\"image\/jpeg\" \/>\n<meta name=\"author\" content=\"Youssef\" \/>\n<meta name=\"twitter:card\" content=\"summary_large_image\" \/>\n<meta name=\"twitter:label1\" content=\"\u00c9crit par\" \/>\n\t<meta name=\"twitter:data1\" content=\"Youssef\" \/>\n<script type=\"application\/ld+json\" class=\"yoast-schema-graph\">{\"@context\":\"https:\/\/schema.org\",\"@graph\":[{\"@type\":\"Article\",\"@id\":\"https:\/\/www.bimandco.com\/bim\/fr\/comment-organiser-ma-bibliotheque-bim-pour-les-metiers-de-mon-entreprise\/#article\",\"isPartOf\":{\"@id\":\"https:\/\/www.bimandco.com\/bim\/fr\/comment-organiser-ma-bibliotheque-bim-pour-les-metiers-de-mon-entreprise\/\"},\"author\":{\"name\":\"Youssef\",\"@id\":\"https:\/\/www.bimandco.com\/bim\/#\/schema\/person\/a01335b4d960e92733e9b877a72146ae\"},\"headline\":\"Comment organiser ma biblioth\u00e8que BIM pour les m\u00e9tiers de mon entreprise ?\",\"datePublished\":\"2025-03-17T13:33:29+00:00\",\"dateModified\":\"2025-03-17T13:33:30+00:00\",\"mainEntityOfPage\":{\"@id\":\"https:\/\/www.bimandco.com\/bim\/fr\/comment-organiser-ma-bibliotheque-bim-pour-les-metiers-de-mon-entreprise\/\"},\"wordCount\":92,\"publisher\":{\"@id\":\"https:\/\/www.bimandco.com\/bim\/#organization\"},\"image\":{\"@id\":\"https:\/\/www.bimandco.com\/bim\/fr\/comment-organiser-ma-bibliotheque-bim-pour-les-metiers-de-mon-entreprise\/#primaryimage\"},\"thumbnailUrl\":\"https:\/\/www.bimandco.com\/bim\/wp-content\/uploads\/2025\/03\/bookteambim-illus-768x496-1.jpg\",\"articleSection\":[\"AEC\",\"Webinaire\"],\"inLanguage\":\"fr-FR\"},{\"@type\":\"WebPage\",\"@id\":\"https:\/\/www.bimandco.com\/bim\/fr\/comment-organiser-ma-bibliotheque-bim-pour-les-metiers-de-mon-entreprise\/\",\"url\":\"https:\/\/www.bimandco.com\/bim\/fr\/comment-organiser-ma-bibliotheque-bim-pour-les-metiers-de-mon-entreprise\/\",\"name\":\"Comment organiser ma biblioth\u00e8que BIM pour les m\u00e9tiers de mon entreprise ? - BIM&amp;CO\",\"isPartOf\":{\"@id\":\"https:\/\/www.bimandco.com\/bim\/#website\"},\"primaryImageOfPage\":{\"@id\":\"https:\/\/www.bimandco.com\/bim\/fr\/comment-organiser-ma-bibliotheque-bim-pour-les-metiers-de-mon-entreprise\/#primaryimage\"},\"image\":{\"@id\":\"https:\/\/www.bimandco.com\/bim\/fr\/comment-organiser-ma-bibliotheque-bim-pour-les-metiers-de-mon-entreprise\/#primaryimage\"},\"thumbnailUrl\":\"https:\/\/www.bimandco.com\/bim\/wp-content\/uploads\/2025\/03\/bookteambim-illus-768x496-1.jpg\",\"datePublished\":\"2025-03-17T13:33:29+00:00\",\"dateModified\":\"2025-03-17T13:33:30+00:00\",\"breadcrumb\":{\"@id\":\"https:\/\/www.bimandco.com\/bim\/fr\/comment-organiser-ma-bibliotheque-bim-pour-les-metiers-de-mon-entreprise\/#breadcrumb\"},\"inLanguage\":\"fr-FR\",\"potentialAction\":[{\"@type\":\"ReadAction\",\"target\":[\"https:\/\/www.bimandco.com\/bim\/fr\/comment-organiser-ma-bibliotheque-bim-pour-les-metiers-de-mon-entreprise\/\"]}]},{\"@type\":\"ImageObject\",\"inLanguage\":\"fr-FR\",\"@id\":\"https:\/\/www.bimandco.com\/bim\/fr\/comment-organiser-ma-bibliotheque-bim-pour-les-metiers-de-mon-entreprise\/#primaryimage\",\"url\":\"https:\/\/www.bimandco.com\/bim\/wp-content\/uploads\/2025\/03\/bookteambim-illus-768x496-1.jpg\",\"contentUrl\":\"https:\/\/www.bimandco.com\/bim\/wp-content\/uploads\/2025\/03\/bookteambim-illus-768x496-1.jpg\",\"width\":768,\"height\":496},{\"@type\":\"BreadcrumbList\",\"@id\":\"https:\/\/www.bimandco.com\/bim\/fr\/comment-organiser-ma-bibliotheque-bim-pour-les-metiers-de-mon-entreprise\/#breadcrumb\",\"itemListElement\":[{\"@type\":\"ListItem\",\"position\":1,\"name\":\"Accueil\",\"item\":\"https:\/\/www.bimandco.com\/bim\/fr\/\"},{\"@type\":\"ListItem\",\"position\":2,\"name\":\"Comment organiser ma biblioth\u00e8que BIM pour les m\u00e9tiers de mon entreprise ?\"}]},{\"@type\":\"WebSite\",\"@id\":\"https:\/\/www.bimandco.com\/bim\/#website\",\"url\":\"https:\/\/www.bimandco.com\/bim\/\",\"name\":\"BIM&amp;CO\",\"description\":\"\",\"publisher\":{\"@id\":\"https:\/\/www.bimandco.com\/bim\/#organization\"},\"potentialAction\":[{\"@type\":\"SearchAction\",\"target\":{\"@type\":\"EntryPoint\",\"urlTemplate\":\"https:\/\/www.bimandco.com\/bim\/?s={search_term_string}\"},\"query-input\":{\"@type\":\"PropertyValueSpecification\",\"valueRequired\":true,\"valueName\":\"search_term_string\"}}],\"inLanguage\":\"fr-FR\"},{\"@type\":\"Organization\",\"@id\":\"https:\/\/www.bimandco.com\/bim\/#organization\",\"name\":\"BIM&amp;CO\",\"url\":\"https:\/\/www.bimandco.com\/bim\/\",\"logo\":{\"@type\":\"ImageObject\",\"inLanguage\":\"fr-FR\",\"@id\":\"https:\/\/www.bimandco.com\/bim\/#\/schema\/logo\/image\/\",\"url\":\"https:\/\/www.bimandco.com\/bim\/wp-content\/uploads\/2023\/03\/logo-bimandco-1.svg\",\"contentUrl\":\"https:\/\/www.bimandco.com\/bim\/wp-content\/uploads\/2023\/03\/logo-bimandco-1.svg\",\"width\":102,\"height\":50,\"caption\":\"BIM&amp;CO\"},\"image\":{\"@id\":\"https:\/\/www.bimandco.com\/bim\/#\/schema\/logo\/image\/\"}},{\"@type\":\"Person\",\"@id\":\"https:\/\/www.bimandco.com\/bim\/#\/schema\/person\/a01335b4d960e92733e9b877a72146ae\",\"name\":\"Youssef\",\"url\":\"https:\/\/www.bimandco.com\/bim\/author\/youssef\/\"}]}<\/script>\n<!-- \/ Yoast SEO plugin. -->","yoast_head_json":{"title":"Comment organiser ma biblioth\u00e8que BIM pour les m\u00e9tiers de mon entreprise ? - BIM&amp;CO","robots":{"index":"index","follow":"follow","max-snippet":"max-snippet:-1","max-image-preview":"max-image-preview:large","max-video-preview":"max-video-preview:-1"},"canonical":"https:\/\/www.bimandco.com\/bim\/fr\/comment-organiser-ma-bibliotheque-bim-pour-les-metiers-de-mon-entreprise\/","og_locale":"fr_FR","og_type":"article","og_title":"Comment organiser ma biblioth\u00e8que BIM pour les m\u00e9tiers de mon entreprise ? - BIM&amp;CO","og_description":"Si vous \u00eates coordinateur BIM, BIM Manager, ou responsable digital dans une structure d\u2019ing\u00e9nierie, de maitrise d\u2019ouvrage ou une entreprise [&hellip;]","og_url":"https:\/\/www.bimandco.com\/bim\/fr\/comment-organiser-ma-bibliotheque-bim-pour-les-metiers-de-mon-entreprise\/","og_site_name":"BIM&amp;CO","article_published_time":"2025-03-17T13:33:29+00:00","article_modified_time":"2025-03-17T13:33:30+00:00","og_image":[{"width":768,"height":496,"url":"https:\/\/www.bimandco.com\/bim\/wp-content\/uploads\/2025\/03\/bookteambim-illus-768x496-1.jpg","type":"image\/jpeg"}],"author":"Youssef","twitter_card":"summary_large_image","twitter_misc":{"\u00c9crit par":"Youssef"},"schema":{"@context":"https:\/\/schema.org","@graph":[{"@type":"Article","@id":"https:\/\/www.bimandco.com\/bim\/fr\/comment-organiser-ma-bibliotheque-bim-pour-les-metiers-de-mon-entreprise\/#article","isPartOf":{"@id":"https:\/\/www.bimandco.com\/bim\/fr\/comment-organiser-ma-bibliotheque-bim-pour-les-metiers-de-mon-entreprise\/"},"author":{"name":"Youssef","@id":"https:\/\/www.bimandco.com\/bim\/#\/schema\/person\/a01335b4d960e92733e9b877a72146ae"},"headline":"Comment organiser ma biblioth\u00e8que BIM pour les m\u00e9tiers de mon entreprise ?","datePublished":"2025-03-17T13:33:29+00:00","dateModified":"2025-03-17T13:33:30+00:00","mainEntityOfPage":{"@id":"https:\/\/www.bimandco.com\/bim\/fr\/comment-organiser-ma-bibliotheque-bim-pour-les-metiers-de-mon-entreprise\/"},"wordCount":92,"publisher":{"@id":"https:\/\/www.bimandco.com\/bim\/#organization"},"image":{"@id":"https:\/\/www.bimandco.com\/bim\/fr\/comment-organiser-ma-bibliotheque-bim-pour-les-metiers-de-mon-entreprise\/#primaryimage"},"thumbnailUrl":"https:\/\/www.bimandco.com\/bim\/wp-content\/uploads\/2025\/03\/bookteambim-illus-768x496-1.jpg","articleSection":["AEC","Webinaire"],"inLanguage":"fr-FR"},{"@type":"WebPage","@id":"https:\/\/www.bimandco.com\/bim\/fr\/comment-organiser-ma-bibliotheque-bim-pour-les-metiers-de-mon-entreprise\/","url":"https:\/\/www.bimandco.com\/bim\/fr\/comment-organiser-ma-bibliotheque-bim-pour-les-metiers-de-mon-entreprise\/","name":"Comment organiser ma biblioth\u00e8que BIM pour les m\u00e9tiers de mon entreprise ? - BIM&amp;CO","isPartOf":{"@id":"https:\/\/www.bimandco.com\/bim\/#website"},"primaryImageOfPage":{"@id":"https:\/\/www.bimandco.com\/bim\/fr\/comment-organiser-ma-bibliotheque-bim-pour-les-metiers-de-mon-entreprise\/#primaryimage"},"image":{"@id":"https:\/\/www.bimandco.com\/bim\/fr\/comment-organiser-ma-bibliotheque-bim-pour-les-metiers-de-mon-entreprise\/#primaryimage"},"thumbnailUrl":"https:\/\/www.bimandco.com\/bim\/wp-content\/uploads\/2025\/03\/bookteambim-illus-768x496-1.jpg","datePublished":"2025-03-17T13:33:29+00:00","dateModified":"2025-03-17T13:33:30+00:00","breadcrumb":{"@id":"https:\/\/www.bimandco.com\/bim\/fr\/comment-organiser-ma-bibliotheque-bim-pour-les-metiers-de-mon-entreprise\/#breadcrumb"},"inLanguage":"fr-FR","potentialAction":[{"@type":"ReadAction","target":["https:\/\/www.bimandco.com\/bim\/fr\/comment-organiser-ma-bibliotheque-bim-pour-les-metiers-de-mon-entreprise\/"]}]},{"@type":"ImageObject","inLanguage":"fr-FR","@id":"https:\/\/www.bimandco.com\/bim\/fr\/comment-organiser-ma-bibliotheque-bim-pour-les-metiers-de-mon-entreprise\/#primaryimage","url":"https:\/\/www.bimandco.com\/bim\/wp-content\/uploads\/2025\/03\/bookteambim-illus-768x496-1.jpg","contentUrl":"https:\/\/www.bimandco.com\/bim\/wp-content\/uploads\/2025\/03\/bookteambim-illus-768x496-1.jpg","width":768,"height":496},{"@type":"BreadcrumbList","@id":"https:\/\/www.bimandco.com\/bim\/fr\/comment-organiser-ma-bibliotheque-bim-pour-les-metiers-de-mon-entreprise\/#breadcrumb","itemListElement":[{"@type":"ListItem","position":1,"name":"Accueil","item":"https:\/\/www.bimandco.com\/bim\/fr\/"},{"@type":"ListItem","position":2,"name":"Comment organiser ma biblioth\u00e8que BIM pour les m\u00e9tiers de mon entreprise ?"}]},{"@type":"WebSite","@id":"https:\/\/www.bimandco.com\/bim\/#website","url":"https:\/\/www.bimandco.com\/bim\/","name":"BIM&amp;CO","description":"","publisher":{"@id":"https:\/\/www.bimandco.com\/bim\/#organization"},"potentialAction":[{"@type":"SearchAction","target":{"@type":"EntryPoint","urlTemplate":"https:\/\/www.bimandco.com\/bim\/?s={search_term_string}"},"query-input":{"@type":"PropertyValueSpecification","valueRequired":true,"valueName":"search_term_string"}}],"inLanguage":"fr-FR"},{"@type":"Organization","@id":"https:\/\/www.bimandco.com\/bim\/#organization","name":"BIM&amp;CO","url":"https:\/\/www.bimandco.com\/bim\/","logo":{"@type":"ImageObject","inLanguage":"fr-FR","@id":"https:\/\/www.bimandco.com\/bim\/#\/schema\/logo\/image\/","url":"https:\/\/www.bimandco.com\/bim\/wp-content\/uploads\/2023\/03\/logo-bimandco-1.svg","contentUrl":"https:\/\/www.bimandco.com\/bim\/wp-content\/uploads\/2023\/03\/logo-bimandco-1.svg","width":102,"height":50,"caption":"BIM&amp;CO"},"image":{"@id":"https:\/\/www.bimandco.com\/bim\/#\/schema\/logo\/image\/"}},{"@type":"Person","@id":"https:\/\/www.bimandco.com\/bim\/#\/schema\/person\/a01335b4d960e92733e9b877a72146ae","name":"Youssef","url":"https:\/\/www.bimandco.com\/bim\/author\/youssef\/"}]}},"_links":{"self":[{"href":"https:\/\/www.bimandco.com\/bim\/wp-json\/wp\/v2\/posts\/47999","targetHints":{"allow":["GET"]}}],"collection":[{"href":"https:\/\/www.bimandco.com\/bim\/wp-json\/wp\/v2\/posts"}],"about":[{"href":"https:\/\/www.bimandco.com\/bim\/wp-json\/wp\/v2\/types\/post"}],"author":[{"embeddable":true,"href":"https:\/\/www.bimandco.com\/bim\/wp-json\/wp\/v2\/users\/17"}],"replies":[{"embeddable":true,"href":"https:\/\/www.bimandco.com\/bim\/wp-json\/wp\/v2\/comments?post=47999"}],"version-history":[{"count":1,"href":"https:\/\/www.bimandco.com\/bim\/wp-json\/wp\/v2\/posts\/47999\/revisions"}],"predecessor-version":[{"id":48000,"href":"https:\/\/www.bimandco.com\/bim\/wp-json\/wp\/v2\/posts\/47999\/revisions\/48000"}],"wp:featuredmedia":[{"embeddable":true,"href":"https:\/\/www.bimandco.com\/bim\/wp-json\/wp\/v2\/media\/47564"}],"wp:attachment":[{"href":"https:\/\/www.bimandco.com\/bim\/wp-json\/wp\/v2\/media?parent=47999"}],"wp:term":[{"taxonomy":"category","embeddable":true,"href":"https:\/\/www.bimandco.com\/bim\/wp-json\/wp\/v2\/categories?post=47999"},{"taxonomy":"post_tag","embeddable":true,"href":"https:\/\/www.bimandco.com\/bim\/wp-json\/wp\/v2\/tags?post=47999"}],"curies":[{"name":"wp","href":"https:\/\/api.w.org\/{rel}","templated":true}]}}