{"id":15228,"date":"2021-06-21T09:00:00","date_gmt":"2021-06-21T07:00:00","guid":{"rendered":"https:\/\/www.bimandco.com\/bim\/?post_type=news_articles&#038;p=15228"},"modified":"2021-06-21T11:16:14","modified_gmt":"2021-06-21T09:16:14","slug":"implementacion-de-una-base-de-datos-comun-en-mercadona","status":"publish","type":"news_articles","link":"https:\/\/www.bimandco.com\/bim\/es\/news_articles\/implementacion-de-una-base-de-datos-comun-en-mercadona\/","title":{"rendered":"Implementaci\u00f3n de una base de datos com\u00fan en MERCADONA"},"content":{"rendered":"\n<div class=\"wp-block-image\"><figure class=\"aligncenter is-resized\"><a href=\"https:\/\/www.mercadona.es\/\"><img decoding=\"async\" src=\"https:\/\/lh5.googleusercontent.com\/2MuYtFIEDIE_7GPm-tyqwrG583cn_iKodOqOEzGFFIIQ91CHdLZemtDbjXr7ViTENanX6cDq-RCpwY0hj4OPps6f_CfX9hDL9svyVU0xFIG8xkbNTx2RhyAAihq-v-FVO_iEz1OU\" alt=\"\" width=\"438\" height=\"61\"\/><\/a><\/figure><\/div>\n\n\n\n<p>A algunos puede sorprender que una empresa como <strong><a href=\"https:\/\/www.mercadona.es\/\" target=\"_blank\" rel=\"noreferrer noopener\">Mercadona<\/a>, una cadena de supermercados de car\u00e1cter internacional<\/strong>, est\u00e9 implementando procesos BIM. Efectivamente, lo que muchos desconocen es que <a href=\"https:\/\/www.mercadona.es\/\" target=\"_blank\" rel=\"noreferrer noopener\">Mercadona<\/a>, <strong>no solamente pertenece al sector de la gran distribuci\u00f3n, sino que dise\u00f1a, promueve la ejecuci\u00f3n y mantiene la totalidad de sus activos<\/strong>: almacenes , tiendas, oficinas y \u00abcolmenas\u00bb, almacenes exclusivos para la venta online. Esto la convierte en <strong>una de las empresas espa\u00f1olas con mayor presencia en el sector AECO<\/strong>. Contando actualmente con m\u00e1s de 1600 tiendas, 16 bloques log\u00edsticos, 3 colmenas y diversos centros de oficinas repartidos por Espa\u00f1a y Portugal.<\/p>\n\n\n\n<p><strong>Para responder al fuerte tir\u00f3n del mercado, <a href=\"https:\/\/www.mercadona.es\/\" target=\"_blank\" rel=\"noreferrer noopener\">Mercadona<\/a> ha encontrado la manera de disponer de un gestor de contenido como repositorio. Ahora, la cadena puede gestionar criterios de normalizaci\u00f3n y parametrizaci\u00f3n siendo adem\u00e1s accesible a todos sus equipos.<\/strong><\/p>\n\n\n<p><a href=\"https:\/\/www.linkedin.com\/in\/victormalvar\/\" target=\"_blank\" rel=\"noreferrer noopener\" data-rich-text-format-boundary=\"true\"><img decoding=\"async\" class=\"wp-image-15280 alignleft\" src=\"https:\/\/www.bimandco.com\/bim\/wp-content\/uploads\/2021\/06\/Victor-Malfar-rodn-150x150.png\" alt=\"\" width=\"102\" height=\"102\" srcset=\"https:\/\/www.bimandco.com\/bim\/wp-content\/uploads\/2021\/06\/Victor-Malfar-rodn-150x150.png 150w, https:\/\/www.bimandco.com\/bim\/wp-content\/uploads\/2021\/06\/Victor-Malfar-rodn-298x300.png 298w, https:\/\/www.bimandco.com\/bim\/wp-content\/uploads\/2021\/06\/Victor-Malfar-rodn.png 319w\" sizes=\"(max-width: 102px) 100vw, 102px\" \/><\/a><\/p>\n<p><\/p>\n<p><a href=\"https:\/\/www.linkedin.com\/in\/victormalvar\/\" target=\"_blank\" rel=\"noreferrer noopener\" data-rich-text-format-boundary=\"true\">Victor Malvar<\/a>, jefe de proyecto IT y promotor del proyecto de digitalizaci\u00f3n en <a href=\"https:\/\/www.mercadona.es\/\" target=\"_blank\" rel=\"noreferrer noopener\">Mercadona<\/a> nos explica porque confi\u00f3 en la <strong>visi\u00f3n y propuesta tecnolog\u00eda de <a href=\"https:\/\/www.bimandco.com\/bim\/es\/\" target=\"_blank\" rel=\"noreferrer noopener\">BIM&amp;CO<\/a><\/strong>.<\/p>\n\n\n<br><p><a class=\"btn btn-blue-medium\" href=\"https:\/\/crm.bimandco.com\/es\/c%C3%B3mo-estructurar-los-datos-de-tus-objetos-bim?utm_source=bimandco&amp;utm_medium=news&amp;utm_campaign=usecase-mercadona-062021-es\" target=\"_blank\" rel=\"noreferrer noopener\">Descargar el caso de uso<\/a><\/p>\n\n\n\n<div class=\"wp-block-image\"><figure class=\"aligncenter size-large is-resized\"><a href=\"https:\/\/crm.bimandco.com\/es\/c%C3%B3mo-estructurar-los-datos-de-tus-objetos-bim?utm_source=bimandco&amp;utm_medium=news&amp;utm_campaign=usecase-mercadona-062021-es\"><img fetchpriority=\"high\" decoding=\"async\" src=\"https:\/\/www.bimandco.com\/bim\/wp-content\/uploads\/2021\/06\/Livre-Mercadona-UC-ESP.png\" alt=\"\" class=\"wp-image-15421\" width=\"375\" height=\"357\" srcset=\"https:\/\/www.bimandco.com\/bim\/wp-content\/uploads\/2021\/06\/Livre-Mercadona-UC-ESP.png 750w, https:\/\/www.bimandco.com\/bim\/wp-content\/uploads\/2021\/06\/Livre-Mercadona-UC-ESP-300x286.png 300w, https:\/\/www.bimandco.com\/bim\/wp-content\/uploads\/2021\/06\/Livre-Mercadona-UC-ESP-150x143.png 150w\" sizes=\"(max-width: 375px) 100vw, 375px\" \/><\/a><\/figure><\/div>\n","protected":false},"excerpt":{"rendered":"<p>A algunos puede sorprender que una empresa como Mercadona, una cadena de supermercados de car\u00e1cter internacional, est\u00e9 implementando procesos BIM. [&hellip;]<\/p>\n","protected":false},"author":5,"featured_media":15325,"menu_order":0,"comment_status":"closed","ping_status":"closed","template":"","format":"standard","meta":{"_acf_changed":false,"content-type":"","footnotes":""},"categories":[651],"tags":[],"class_list":["post-15228","news_articles","type-news_articles","status-publish","format-standard","has-post-thumbnail","hentry","category-news"],"acf":[],"yoast_head":"<!-- This site is optimized with the Yoast SEO plugin v26.0 - https:\/\/yoast.com\/wordpress\/plugins\/seo\/ -->\n<title>Implementaci\u00f3n de una base de datos com\u00fan en MERCADONA - BIM&amp;CO<\/title>\n<meta name=\"robots\" content=\"index, follow, max-snippet:-1, max-image-preview:large, max-video-preview:-1\" \/>\n<link rel=\"canonical\" href=\"https:\/\/www.bimandco.com\/bim\/es\/news_articles\/implementacion-de-una-base-de-datos-comun-en-mercadona\/\" \/>\n<meta property=\"og:locale\" content=\"fr_FR\" \/>\n<meta property=\"og:type\" content=\"article\" \/>\n<meta property=\"og:title\" content=\"Implementaci\u00f3n de una base de datos com\u00fan en MERCADONA - BIM&amp;CO\" \/>\n<meta property=\"og:description\" content=\"A algunos puede sorprender que una empresa como Mercadona, una cadena de supermercados de car\u00e1cter internacional, est\u00e9 implementando procesos BIM. [&hellip;]\" \/>\n<meta property=\"og:url\" content=\"https:\/\/www.bimandco.com\/bim\/es\/news_articles\/implementacion-de-una-base-de-datos-comun-en-mercadona\/\" \/>\n<meta property=\"og:site_name\" content=\"BIM&amp;CO\" \/>\n<meta property=\"article:modified_time\" content=\"2021-06-21T09:16:14+00:00\" \/>\n<meta property=\"og:image\" content=\"https:\/\/www.bimandco.com\/bim\/wp-content\/uploads\/2021\/06\/Use-Case-Mercadona-Header3133.jpg\" \/>\n\t<meta property=\"og:image:width\" content=\"1700\" \/>\n\t<meta property=\"og:image:height\" content=\"760\" \/>\n\t<meta property=\"og:image:type\" content=\"image\/jpeg\" \/>\n<meta name=\"twitter:card\" content=\"summary_large_image\" \/>\n<meta name=\"twitter:label1\" content=\"Dur\u00e9e de lecture estim\u00e9e\" \/>\n\t<meta name=\"twitter:data1\" content=\"1 minute\" \/>\n<script type=\"application\/ld+json\" class=\"yoast-schema-graph\">{\"@context\":\"https:\/\/schema.org\",\"@graph\":[{\"@type\":\"WebPage\",\"@id\":\"https:\/\/www.bimandco.com\/bim\/es\/news_articles\/implementacion-de-una-base-de-datos-comun-en-mercadona\/\",\"url\":\"https:\/\/www.bimandco.com\/bim\/es\/news_articles\/implementacion-de-una-base-de-datos-comun-en-mercadona\/\",\"name\":\"Implementaci\u00f3n de una base de datos com\u00fan en MERCADONA - BIM&amp;CO\",\"isPartOf\":{\"@id\":\"https:\/\/www.bimandco.com\/bim\/#website\"},\"primaryImageOfPage\":{\"@id\":\"https:\/\/www.bimandco.com\/bim\/es\/news_articles\/implementacion-de-una-base-de-datos-comun-en-mercadona\/#primaryimage\"},\"image\":{\"@id\":\"https:\/\/www.bimandco.com\/bim\/es\/news_articles\/implementacion-de-una-base-de-datos-comun-en-mercadona\/#primaryimage\"},\"thumbnailUrl\":\"https:\/\/www.bimandco.com\/bim\/wp-content\/uploads\/2021\/06\/Use-Case-Mercadona-Header3133.jpg\",\"datePublished\":\"2021-06-21T07:00:00+00:00\",\"dateModified\":\"2021-06-21T09:16:14+00:00\",\"breadcrumb\":{\"@id\":\"https:\/\/www.bimandco.com\/bim\/es\/news_articles\/implementacion-de-una-base-de-datos-comun-en-mercadona\/#breadcrumb\"},\"inLanguage\":\"fr-FR\",\"potentialAction\":[{\"@type\":\"ReadAction\",\"target\":[\"https:\/\/www.bimandco.com\/bim\/es\/news_articles\/implementacion-de-una-base-de-datos-comun-en-mercadona\/\"]}]},{\"@type\":\"ImageObject\",\"inLanguage\":\"fr-FR\",\"@id\":\"https:\/\/www.bimandco.com\/bim\/es\/news_articles\/implementacion-de-una-base-de-datos-comun-en-mercadona\/#primaryimage\",\"url\":\"https:\/\/www.bimandco.com\/bim\/wp-content\/uploads\/2021\/06\/Use-Case-Mercadona-Header3133.jpg\",\"contentUrl\":\"https:\/\/www.bimandco.com\/bim\/wp-content\/uploads\/2021\/06\/Use-Case-Mercadona-Header3133.jpg\",\"width\":1700,\"height\":760},{\"@type\":\"BreadcrumbList\",\"@id\":\"https:\/\/www.bimandco.com\/bim\/es\/news_articles\/implementacion-de-una-base-de-datos-comun-en-mercadona\/#breadcrumb\",\"itemListElement\":[{\"@type\":\"ListItem\",\"position\":1,\"name\":\"Accueil\",\"item\":\"https:\/\/www.bimandco.com\/bim\/fr\/\"},{\"@type\":\"ListItem\",\"position\":2,\"name\":\"Actualit\u00e9s\",\"item\":\"https:\/\/www.bimandco.com\/bim\/fr\/actualites\/\"},{\"@type\":\"ListItem\",\"position\":3,\"name\":\"Implementaci\u00f3n de una base de datos com\u00fan en MERCADONA\"}]},{\"@type\":\"WebSite\",\"@id\":\"https:\/\/www.bimandco.com\/bim\/#website\",\"url\":\"https:\/\/www.bimandco.com\/bim\/\",\"name\":\"BIM&amp;CO\",\"description\":\"\",\"publisher\":{\"@id\":\"https:\/\/www.bimandco.com\/bim\/#organization\"},\"potentialAction\":[{\"@type\":\"SearchAction\",\"target\":{\"@type\":\"EntryPoint\",\"urlTemplate\":\"https:\/\/www.bimandco.com\/bim\/?s={search_term_string}\"},\"query-input\":{\"@type\":\"PropertyValueSpecification\",\"valueRequired\":true,\"valueName\":\"search_term_string\"}}],\"inLanguage\":\"fr-FR\"},{\"@type\":\"Organization\",\"@id\":\"https:\/\/www.bimandco.com\/bim\/#organization\",\"name\":\"BIM&amp;CO\",\"url\":\"https:\/\/www.bimandco.com\/bim\/\",\"logo\":{\"@type\":\"ImageObject\",\"inLanguage\":\"fr-FR\",\"@id\":\"https:\/\/www.bimandco.com\/bim\/#\/schema\/logo\/image\/\",\"url\":\"https:\/\/www.bimandco.com\/bim\/wp-content\/uploads\/2023\/03\/logo-bimandco-1.svg\",\"contentUrl\":\"https:\/\/www.bimandco.com\/bim\/wp-content\/uploads\/2023\/03\/logo-bimandco-1.svg\",\"width\":102,\"height\":50,\"caption\":\"BIM&amp;CO\"},\"image\":{\"@id\":\"https:\/\/www.bimandco.com\/bim\/#\/schema\/logo\/image\/\"}}]}<\/script>\n<!-- \/ Yoast SEO plugin. -->","yoast_head_json":{"title":"Implementaci\u00f3n de una base de datos com\u00fan en MERCADONA - BIM&amp;CO","robots":{"index":"index","follow":"follow","max-snippet":"max-snippet:-1","max-image-preview":"max-image-preview:large","max-video-preview":"max-video-preview:-1"},"canonical":"https:\/\/www.bimandco.com\/bim\/es\/news_articles\/implementacion-de-una-base-de-datos-comun-en-mercadona\/","og_locale":"fr_FR","og_type":"article","og_title":"Implementaci\u00f3n de una base de datos com\u00fan en MERCADONA - BIM&amp;CO","og_description":"A algunos puede sorprender que una empresa como Mercadona, una cadena de supermercados de car\u00e1cter internacional, est\u00e9 implementando procesos BIM. [&hellip;]","og_url":"https:\/\/www.bimandco.com\/bim\/es\/news_articles\/implementacion-de-una-base-de-datos-comun-en-mercadona\/","og_site_name":"BIM&amp;CO","article_modified_time":"2021-06-21T09:16:14+00:00","og_image":[{"width":1700,"height":760,"url":"https:\/\/www.bimandco.com\/bim\/wp-content\/uploads\/2021\/06\/Use-Case-Mercadona-Header3133.jpg","type":"image\/jpeg"}],"twitter_card":"summary_large_image","twitter_misc":{"Dur\u00e9e de lecture estim\u00e9e":"1 minute"},"schema":{"@context":"https:\/\/schema.org","@graph":[{"@type":"WebPage","@id":"https:\/\/www.bimandco.com\/bim\/es\/news_articles\/implementacion-de-una-base-de-datos-comun-en-mercadona\/","url":"https:\/\/www.bimandco.com\/bim\/es\/news_articles\/implementacion-de-una-base-de-datos-comun-en-mercadona\/","name":"Implementaci\u00f3n de una base de datos com\u00fan en MERCADONA - BIM&amp;CO","isPartOf":{"@id":"https:\/\/www.bimandco.com\/bim\/#website"},"primaryImageOfPage":{"@id":"https:\/\/www.bimandco.com\/bim\/es\/news_articles\/implementacion-de-una-base-de-datos-comun-en-mercadona\/#primaryimage"},"image":{"@id":"https:\/\/www.bimandco.com\/bim\/es\/news_articles\/implementacion-de-una-base-de-datos-comun-en-mercadona\/#primaryimage"},"thumbnailUrl":"https:\/\/www.bimandco.com\/bim\/wp-content\/uploads\/2021\/06\/Use-Case-Mercadona-Header3133.jpg","datePublished":"2021-06-21T07:00:00+00:00","dateModified":"2021-06-21T09:16:14+00:00","breadcrumb":{"@id":"https:\/\/www.bimandco.com\/bim\/es\/news_articles\/implementacion-de-una-base-de-datos-comun-en-mercadona\/#breadcrumb"},"inLanguage":"fr-FR","potentialAction":[{"@type":"ReadAction","target":["https:\/\/www.bimandco.com\/bim\/es\/news_articles\/implementacion-de-una-base-de-datos-comun-en-mercadona\/"]}]},{"@type":"ImageObject","inLanguage":"fr-FR","@id":"https:\/\/www.bimandco.com\/bim\/es\/news_articles\/implementacion-de-una-base-de-datos-comun-en-mercadona\/#primaryimage","url":"https:\/\/www.bimandco.com\/bim\/wp-content\/uploads\/2021\/06\/Use-Case-Mercadona-Header3133.jpg","contentUrl":"https:\/\/www.bimandco.com\/bim\/wp-content\/uploads\/2021\/06\/Use-Case-Mercadona-Header3133.jpg","width":1700,"height":760},{"@type":"BreadcrumbList","@id":"https:\/\/www.bimandco.com\/bim\/es\/news_articles\/implementacion-de-una-base-de-datos-comun-en-mercadona\/#breadcrumb","itemListElement":[{"@type":"ListItem","position":1,"name":"Accueil","item":"https:\/\/www.bimandco.com\/bim\/fr\/"},{"@type":"ListItem","position":2,"name":"Actualit\u00e9s","item":"https:\/\/www.bimandco.com\/bim\/fr\/actualites\/"},{"@type":"ListItem","position":3,"name":"Implementaci\u00f3n de una base de datos com\u00fan en MERCADONA"}]},{"@type":"WebSite","@id":"https:\/\/www.bimandco.com\/bim\/#website","url":"https:\/\/www.bimandco.com\/bim\/","name":"BIM&amp;CO","description":"","publisher":{"@id":"https:\/\/www.bimandco.com\/bim\/#organization"},"potentialAction":[{"@type":"SearchAction","target":{"@type":"EntryPoint","urlTemplate":"https:\/\/www.bimandco.com\/bim\/?s={search_term_string}"},"query-input":{"@type":"PropertyValueSpecification","valueRequired":true,"valueName":"search_term_string"}}],"inLanguage":"fr-FR"},{"@type":"Organization","@id":"https:\/\/www.bimandco.com\/bim\/#organization","name":"BIM&amp;CO","url":"https:\/\/www.bimandco.com\/bim\/","logo":{"@type":"ImageObject","inLanguage":"fr-FR","@id":"https:\/\/www.bimandco.com\/bim\/#\/schema\/logo\/image\/","url":"https:\/\/www.bimandco.com\/bim\/wp-content\/uploads\/2023\/03\/logo-bimandco-1.svg","contentUrl":"https:\/\/www.bimandco.com\/bim\/wp-content\/uploads\/2023\/03\/logo-bimandco-1.svg","width":102,"height":50,"caption":"BIM&amp;CO"},"image":{"@id":"https:\/\/www.bimandco.com\/bim\/#\/schema\/logo\/image\/"}}]}},"_links":{"self":[{"href":"https:\/\/www.bimandco.com\/bim\/wp-json\/wp\/v2\/news_articles\/15228","targetHints":{"allow":["GET"]}}],"collection":[{"href":"https:\/\/www.bimandco.com\/bim\/wp-json\/wp\/v2\/news_articles"}],"about":[{"href":"https:\/\/www.bimandco.com\/bim\/wp-json\/wp\/v2\/types\/news_articles"}],"author":[{"embeddable":true,"href":"https:\/\/www.bimandco.com\/bim\/wp-json\/wp\/v2\/users\/5"}],"replies":[{"embeddable":true,"href":"https:\/\/www.bimandco.com\/bim\/wp-json\/wp\/v2\/comments?post=15228"}],"version-history":[{"count":13,"href":"https:\/\/www.bimandco.com\/bim\/wp-json\/wp\/v2\/news_articles\/15228\/revisions"}],"predecessor-version":[{"id":15423,"href":"https:\/\/www.bimandco.com\/bim\/wp-json\/wp\/v2\/news_articles\/15228\/revisions\/15423"}],"wp:featuredmedia":[{"embeddable":true,"href":"https:\/\/www.bimandco.com\/bim\/wp-json\/wp\/v2\/media\/15325"}],"wp:attachment":[{"href":"https:\/\/www.bimandco.com\/bim\/wp-json\/wp\/v2\/media?parent=15228"}],"wp:term":[{"taxonomy":"category","embeddable":true,"href":"https:\/\/www.bimandco.com\/bim\/wp-json\/wp\/v2\/categories?post=15228"},{"taxonomy":"post_tag","embeddable":true,"href":"https:\/\/www.bimandco.com\/bim\/wp-json\/wp\/v2\/tags?post=15228"}],"curies":[{"name":"wp","href":"https:\/\/api.w.org\/{rel}","templated":true}]}}